{"id":3442,"date":"2025-12-05T12:27:00","date_gmt":"2025-12-05T11:27:00","guid":{"rendered":"https:\/\/www.kleingedruckt.net\/blog\/?p=3442"},"modified":"2025-12-09T13:13:43","modified_gmt":"2025-12-09T12:13:43","slug":"kleine-freuden-grosse-wirkung","status":"publish","type":"post","link":"https:\/\/www.kleingedruckt.net\/blog\/aktionen\/kleine-freuden-grosse-wirkung.html","title":{"rendered":"Kleine Freuden, gro\u00dfe Wirkung \u2013 Spr\u00fcchekalender f\u00fcr die Geschenkezeit &#x1f381;"},"content":{"rendered":"\n<p>Wenn es drau\u00dfen k\u00e4lter wird und die ersten Lichterketten in den Fenstern auftauchen, beginnt f\u00fcr viele die sch\u00f6nste Zeit des Jahres: die Weihnachtszeit. Und auch wir m\u00f6chten euch in dieser warmherzigen Phase etwas zur\u00fcckgeben.<\/p>\n\n\n\n<h3>Unser Dankesch\u00f6n an euch: der Kleingedruckt-Spr\u00fcchekalender 2026 als Geschenk<\/h3>\n\n\n\n<p>Zu jeder Bestellung bei KLEINgedruckt.net erhaltet ihr unseren Spr\u00fcchekalender 2026 kostenlos dazu!<br>Ob in der K\u00fcche, im B\u00fcro oder am heimischen Arbeitsplatz \u2013 der kleine Tischkalender begr\u00fc\u00dft euch jeden Monat mit einem frischen, humorvollen Spruch. Ein fr\u00f6hlicher Begleiter, der durch Fr\u00fchling, Sommer, Herbst und Winter mit euch lacht.<\/p>\n\n\n\n<p>Also: Lieblingsbuch gestalten, PDF exportieren, <a href=\"https:\/\/www.kleingedruckt.net\/buch-erstellen\/\" title=\"\">hochladen<\/a> und im Paket wartet ein kleines Weihnachtsgeschenk auf euch. &#x1f384;&#x2728;<\/p>\n\n\n\n<h2>Noch mehr Spr\u00fcchekalender? Schaut bei Stoba24.de vorbei!<\/h2>\n\n\n\n<p>F\u00fcr alle, die gleich mehrere Kalender verschenken m\u00f6chten \u2013 oder sich einfach nicht an guter Laune sattsehen k\u00f6nnen \u2013 lohnt sich ein Blick in unseren Partnershop <a href=\"https:\/\/stoba24.de\/fertige_produkte_ab_1_stueck.htm\" title=\"\">Stoba24.de<\/a>. &#x1f5d3;&#xfe0f;<\/p>\n\n\n\n<p>Dort findet ihr drei verschiedene Spr\u00fcchekalender, die ihr bereits ab 1 St\u00fcck bestellen k\u00f6nnt. Das Besondere:<br>&#x1f449; Ihr k\u00f6nnt den Aufsteller personalisieren \u2013 perfekt als Geschenk, Firmenpr\u00e4sent oder pers\u00f6nliches Highlight auf dem Schreibtisch.<\/p>\n\n\n\n<!--more-->\n\n\n\n<h3>Die drei Spr\u00fcchekalender im \u00dcberblick<\/h3>\n\n\n\n<ul><li><strong>Spr\u00fcchekalender \u201eArbeitswelt\u201c<\/strong><br>F\u00fcr alle, die B\u00fcrohumor lieben und jeden Arbeitstag mit einem Augenzwinkern beginnen m\u00f6chten.<\/li><li><strong>Spr\u00fcchekalender \u201eJahreszeiten\u201c<\/strong><br>Ein fr\u00f6hlicher Begleiter durchs Jahr \u2013 passend f\u00fcr Zuhause, B\u00fcro oder zum Verschenken.<\/li><li><strong>Spr\u00fcchekalender \u201eEinfach ICH\u201c<\/strong><br>Ideal f\u00fcr alle, die Wert auf Individualit\u00e4t legen und einen Kalender m\u00f6chten, der genau zu ihnen passt.<\/li><\/ul>\n\n\n\n<div class=\"wp-container-4 wp-block-columns\">\n<div class=\"wp-container-3 wp-block-column\" style=\"flex-basis:100%\">\n<figure class=\"wp-container-2 wp-block-gallery-1 wp-block-gallery has-nested-images columns-default is-cropped\">\n<figure class=\"wp-block-image size-large\"><img loading=\"lazy\" width=\"2560\" height=\"2555\" src=\"https:\/\/www.kleingedruckt.net\/blog\/wp-content\/uploads\/2025\/12\/Kalender_1-2-edited-scaled.jpg\" alt=\"\" class=\"wp-image-3452\" srcset=\"https:\/\/www.kleingedruckt.net\/blog\/wp-content\/uploads\/2025\/12\/Kalender_1-2-edited-scaled.jpg 2560w, https:\/\/www.kleingedruckt.net\/blog\/wp-content\/uploads\/2025\/12\/Kalender_1-2-edited-600x600.jpg 600w, https:\/\/www.kleingedruckt.net\/blog\/wp-content\/uploads\/2025\/12\/Kalender_1-2-edited-1024x1022.jpg 1024w, https:\/\/www.kleingedruckt.net\/blog\/wp-content\/uploads\/2025\/12\/Kalender_1-2-edited-150x150.jpg 150w, https:\/\/www.kleingedruckt.net\/blog\/wp-content\/uploads\/2025\/12\/Kalender_1-2-edited-768x766.jpg 768w, https:\/\/www.kleingedruckt.net\/blog\/wp-content\/uploads\/2025\/12\/Kalender_1-2-edited-1536x1533.jpg 1536w, https:\/\/www.kleingedruckt.net\/blog\/wp-content\/uploads\/2025\/12\/Kalender_1-2-edited-2048x2044.jpg 2048w, https:\/\/www.kleingedruckt.net\/blog\/wp-content\/uploads\/2025\/12\/Kalender_1-2-edited-230x230.jpg 230w\" sizes=\"(max-width: 2560px) 100vw, 2560px\" \/><figcaption>Alle Spr\u00fcchekalender<\/figcaption><\/figure>\n\n\n\n<figure class=\"wp-block-image size-large\"><img loading=\"lazy\" width=\"2556\" height=\"2560\" src=\"https:\/\/www.kleingedruckt.net\/blog\/wp-content\/uploads\/2025\/12\/Kalender_2-1-edited-scaled.jpg\" alt=\"\" class=\"wp-image-3451\" srcset=\"https:\/\/www.kleingedruckt.net\/blog\/wp-content\/uploads\/2025\/12\/Kalender_2-1-edited-scaled.jpg 2556w, https:\/\/www.kleingedruckt.net\/blog\/wp-content\/uploads\/2025\/12\/Kalender_2-1-edited-600x600.jpg 600w, https:\/\/www.kleingedruckt.net\/blog\/wp-content\/uploads\/2025\/12\/Kalender_2-1-edited-150x150.jpg 150w, https:\/\/www.kleingedruckt.net\/blog\/wp-content\/uploads\/2025\/12\/Kalender_2-1-edited-768x769.jpg 768w, https:\/\/www.kleingedruckt.net\/blog\/wp-content\/uploads\/2025\/12\/Kalender_2-1-edited-1534x1536.jpg 1534w, https:\/\/www.kleingedruckt.net\/blog\/wp-content\/uploads\/2025\/12\/Kalender_2-1-edited-2045x2048.jpg 2045w, https:\/\/www.kleingedruckt.net\/blog\/wp-content\/uploads\/2025\/12\/Kalender_2-1-edited-230x230.jpg 230w\" sizes=\"(max-width: 2556px) 100vw, 2556px\" \/><figcaption>Spr\u00fcchekalender \u201eEinfach ICH\u201c<\/figcaption><\/figure>\n\n\n\n<figure class=\"wp-block-image size-large\"><img loading=\"lazy\" width=\"2304\" height=\"2304\" src=\"https:\/\/www.kleingedruckt.net\/blog\/wp-content\/uploads\/2025\/12\/Kalender_3-1-edited.jpg\" alt=\"\" class=\"wp-image-3450\" srcset=\"https:\/\/www.kleingedruckt.net\/blog\/wp-content\/uploads\/2025\/12\/Kalender_3-1-edited.jpg 2304w, https:\/\/www.kleingedruckt.net\/blog\/wp-content\/uploads\/2025\/12\/Kalender_3-1-edited-600x600.jpg 600w, https:\/\/www.kleingedruckt.net\/blog\/wp-content\/uploads\/2025\/12\/Kalender_3-1-edited-1024x1024.jpg 1024w, https:\/\/www.kleingedruckt.net\/blog\/wp-content\/uploads\/2025\/12\/Kalender_3-1-edited-150x150.jpg 150w, https:\/\/www.kleingedruckt.net\/blog\/wp-content\/uploads\/2025\/12\/Kalender_3-1-edited-768x768.jpg 768w, https:\/\/www.kleingedruckt.net\/blog\/wp-content\/uploads\/2025\/12\/Kalender_3-1-edited-1536x1536.jpg 1536w, https:\/\/www.kleingedruckt.net\/blog\/wp-content\/uploads\/2025\/12\/Kalender_3-1-edited-2048x2048.jpg 2048w, https:\/\/www.kleingedruckt.net\/blog\/wp-content\/uploads\/2025\/12\/Kalender_3-1-edited-230x230.jpg 230w\" sizes=\"(max-width: 2304px) 100vw, 2304px\" \/><figcaption>Spr\u00fcchekalender \u201eJahreszeiten\u201c<\/figcaption><\/figure>\n<\/figure>\n<\/div>\n<\/div>\n\n\n\n<p>Alle Kalender findet ihr hier: <a href=\"https:\/\/stoba24.de\/index.htm\" title=\"\">Stoba24.de<\/a> \u2192 Spr\u00fcchekalender<br><em>(Einfach im Shop st\u00f6bern und Lieblingsdesign ausw\u00e4hlen.)<\/em><\/p>\n\n\n\n<h2 class=\"has-text-align-center\">Wir sind f\u00fcr euch da<\/h2>\n\n\n\n<p>Habt ihr Fragen zu Bestellungen, zum Kalendergeschenk oder zu unseren Produkten?<br>Wir helfen gern weiter:<\/p>\n\n\n\n<p>&#x1f4de; 035248 399 899<br>&#x1f4e7; <a>i&#110;&#x66;&#x6f;&#64;&#107;&#x6c;&#x65;i&#110;&#x67;&#x65;d&#114;&#x75;&#x63;k&#116;&#x2e;&#x6e;e&#116;<\/a><\/p>\n\n\n\n<p>Wir w\u00fcnschen euch eine wundervolle Vorweihnachtszeit \u2013 voller Inspiration, L\u00e4cheln und sch\u00f6ner \u00dcberraschungen! &#x2728;<\/p>\n","protected":false},"excerpt":{"rendered":"<p>Wenn es drau\u00dfen k\u00e4lter wird und die ersten Lichterketten in den Fenstern auftauchen, beginnt f\u00fcr viele die sch\u00f6nste Zeit des Jahres: die Weihnachtszeit. Und auch wir m\u00f6chten euch in dieser warmherzigen Phase etwas zur\u00fcckgeben. Unser Dankesch\u00f6n an euch: der Kleingedruckt-Spr\u00fcchekalender 2026 als Geschenk Zu jeder Bestellung bei KLEINgedruckt.net erhaltet ihr unseren Spr\u00fcchekalender 2026 kostenlos dazu!Ob [&hellip;]<\/p>\n","protected":false},"author":2,"featured_media":0,"comment_status":"open","ping_status":"open","sticky":false,"template":"","format":"standard","meta":{"_mi_skip_tracking":false},"categories":[5],"tags":[],"aioseo_notices":[],"_links":{"self":[{"href":"https:\/\/www.kleingedruckt.net\/blog\/wp-json\/wp\/v2\/posts\/3442"}],"collection":[{"href":"https:\/\/www.kleingedruckt.net\/blog\/wp-json\/wp\/v2\/posts"}],"about":[{"href":"https:\/\/www.kleingedruckt.net\/blog\/wp-json\/wp\/v2\/types\/post"}],"author":[{"embeddable":true,"href":"https:\/\/www.kleingedruckt.net\/blog\/wp-json\/wp\/v2\/users\/2"}],"replies":[{"embeddable":true,"href":"https:\/\/www.kleingedruckt.net\/blog\/wp-json\/wp\/v2\/comments?post=3442"}],"version-history":[{"count":9,"href":"https:\/\/www.kleingedruckt.net\/blog\/wp-json\/wp\/v2\/posts\/3442\/revisions"}],"predecessor-version":[{"id":3462,"href":"https:\/\/www.kleingedruckt.net\/blog\/wp-json\/wp\/v2\/posts\/3442\/revisions\/3462"}],"wp:attachment":[{"href":"https:\/\/www.kleingedruckt.net\/blog\/wp-json\/wp\/v2\/media?parent=3442"}],"wp:term":[{"taxonomy":"category","embeddable":true,"href":"https:\/\/www.kleingedruckt.net\/blog\/wp-json\/wp\/v2\/categories?post=3442"},{"taxonomy":"post_tag","embeddable":true,"href":"https:\/\/www.kleingedruckt.net\/blog\/wp-json\/wp\/v2\/tags?post=3442"}],"curies":[{"name":"wp","href":"https:\/\/api.w.org\/{rel}","templated":true}]}}