{"id":3302,"date":"2021-11-25T14:00:51","date_gmt":"2021-11-25T13:00:51","guid":{"rendered":"https:\/\/www.kleingedruckt.net\/blog\/?p=3302"},"modified":"2021-11-25T14:08:00","modified_gmt":"2021-11-25T13:08:00","slug":"spruechekalender","status":"publish","type":"post","link":"https:\/\/www.kleingedruckt.net\/blog\/aktionen\/spruechekalender.html","title":{"rendered":"Geschenkezeit &#8211; unser Spr\u00fcchekalender 2022"},"content":{"rendered":"<p>Liebe KLEINgedruckt.net-Kunden,<br \/>\nschnell sein lohnt sich in diesem Jahr \u2026 wir schenken euch zu jeder Bestellung unseren Spr\u00fcchekalender 2022! Ob in der K\u00fcche, im B\u00fcro oder am Arbeitsplatz \u2013 unser Tischkalender begr\u00fc\u00dft euch jeden Monat mit einem lustigen Spruch und bringt euch mit einem L\u00e4cheln durch Fr\u00fchling, Sommer, Herbst und Winter.<\/p>\n<p>Gleich Buch gestalten und bei uns <a href=\"https:\/\/www.kleingedruckt.net\/buch-erstellen\/\">hochladen<\/a> und im Paket findet ihr dann das erste kleine Weihnachtsgeschenk. \ud83d\ude42<\/p>\n<p><img loading=\"lazy\" class=\"aligncenter wp-image-3305 size-medium\" src=\"https:\/\/www.kleingedruckt.net\/blog\/wp-content\/uploads\/2021\/11\/IMG_7312_hell_low-600x375.jpg\" alt=\"\" width=\"600\" height=\"375\" srcset=\"https:\/\/www.kleingedruckt.net\/blog\/wp-content\/uploads\/2021\/11\/IMG_7312_hell_low-600x375.jpg 600w, https:\/\/www.kleingedruckt.net\/blog\/wp-content\/uploads\/2021\/11\/IMG_7312_hell_low-768x480.jpg 768w, https:\/\/www.kleingedruckt.net\/blog\/wp-content\/uploads\/2021\/11\/IMG_7312_hell_low-1024x640.jpg 1024w, https:\/\/www.kleingedruckt.net\/blog\/wp-content\/uploads\/2021\/11\/IMG_7312_hell_low-368x230.jpg 368w, https:\/\/www.kleingedruckt.net\/blog\/wp-content\/uploads\/2021\/11\/IMG_7312_hell_low.jpg 1500w\" sizes=\"(max-width: 600px) 100vw, 600px\" \/><\/p>\n<p>Wir freuen uns auf eure Bestellungen und stehen bei Fragen per Telefon unter 035248 399 899 oder per Mail unter <a href=\"https:\/\/www.kleingedruckt.net\/kontakt\/\">&#x69;&#x6e;&#102;o&#64;&#x6b;&#x6c;&#x65;&#105;ng&#x65;&#x64;&#x72;&#117;ck&#x74;&#x2e;&#x6e;&#101;t<\/a> zur Verf\u00fcgung.<\/p>\n","protected":false},"excerpt":{"rendered":"<p>Liebe KLEINgedruckt.net-Kunden, schnell sein lohnt sich in diesem Jahr \u2026 wir schenken euch zu jeder Bestellung unseren Spr\u00fcchekalender 2022! Ob in der K\u00fcche, im B\u00fcro oder am Arbeitsplatz \u2013 unser Tischkalender begr\u00fc\u00dft euch jeden Monat mit einem lustigen Spruch und bringt euch mit einem L\u00e4cheln durch Fr\u00fchling, Sommer, Herbst und Winter. Gleich Buch gestalten und [&hellip;]<\/p>\n","protected":false},"author":2,"featured_media":0,"comment_status":"open","ping_status":"open","sticky":false,"template":"","format":"standard","meta":{"_mi_skip_tracking":false},"categories":[5],"tags":[],"aioseo_notices":[],"_links":{"self":[{"href":"https:\/\/www.kleingedruckt.net\/blog\/wp-json\/wp\/v2\/posts\/3302"}],"collection":[{"href":"https:\/\/www.kleingedruckt.net\/blog\/wp-json\/wp\/v2\/posts"}],"about":[{"href":"https:\/\/www.kleingedruckt.net\/blog\/wp-json\/wp\/v2\/types\/post"}],"author":[{"embeddable":true,"href":"https:\/\/www.kleingedruckt.net\/blog\/wp-json\/wp\/v2\/users\/2"}],"replies":[{"embeddable":true,"href":"https:\/\/www.kleingedruckt.net\/blog\/wp-json\/wp\/v2\/comments?post=3302"}],"version-history":[{"count":6,"href":"https:\/\/www.kleingedruckt.net\/blog\/wp-json\/wp\/v2\/posts\/3302\/revisions"}],"predecessor-version":[{"id":3311,"href":"https:\/\/www.kleingedruckt.net\/blog\/wp-json\/wp\/v2\/posts\/3302\/revisions\/3311"}],"wp:attachment":[{"href":"https:\/\/www.kleingedruckt.net\/blog\/wp-json\/wp\/v2\/media?parent=3302"}],"wp:term":[{"taxonomy":"category","embeddable":true,"href":"https:\/\/www.kleingedruckt.net\/blog\/wp-json\/wp\/v2\/categories?post=3302"},{"taxonomy":"post_tag","embeddable":true,"href":"https:\/\/www.kleingedruckt.net\/blog\/wp-json\/wp\/v2\/tags?post=3302"}],"curies":[{"name":"wp","href":"https:\/\/api.w.org\/{rel}","templated":true}]}}