{"id":2643,"date":"2016-12-23T12:30:25","date_gmt":"2016-12-23T11:30:25","guid":{"rendered":"https:\/\/www.kleingedruckt.net\/blog\/?p=2643"},"modified":"2016-12-23T10:50:48","modified_gmt":"2016-12-23T09:50:48","slug":"weihnachten_2016","status":"publish","type":"post","link":"https:\/\/www.kleingedruckt.net\/blog\/allgemein\/weihnachten_2016.html","title":{"rendered":"Weihnachtsgr\u00fc\u00dfe"},"content":{"rendered":"<p style=\"text-align: left;\"><span style=\"color: #000000;\">Liebe KLEINgedruckt-Kunden,<\/span><br \/>\nder Baum ist geschm\u00fcckt, die Geschenke sind verpackt und die Kleinsten schon ganz aufgeregt \u2013 der Heilige Abend steht vor der T\u00fcr.<\/p>\n<p style=\"text-align: left;\">Wir hoffen, wir konnten all Eure Erwartungen und W\u00fcnsche in Bezug auf Eure selbstgestalteten B\u00fccher erf\u00fcllen, und werden auch im neuen Jahr 2017 mit vollem Tatendrang f\u00fcr Euch da sein. Nun machen wir jedoch erst einmal eine kurze Verschnaufpause. Vom 27.12.2016 bis 02.01.2017 produzieren wir ausnahmsweise mal keine B\u00fccher, nehmen Bestellungen aber gern entgegen!<\/p>\n<p style=\"text-align: left;\"><span style=\"color: #ff6600;\">Als kleines Dankesch\u00f6n f\u00fcr Euer Vertrauen schenken wir Euch bei Eurer n\u00e4chsten Bestellung<br \/>\n5 Euro ab einem Bestellwert von 20 Euro.<\/span> Einfach den Gutscheincode <span style=\"color: #ff6600;\">Winter2016<\/span> im Warenkorb einl\u00f6sen und 5 Euro sparen! Der Gutschein ist bis zum 31.01.2017 g\u00fcltig.<\/p>\n<p style=\"text-align: left;\">Wir w\u00fcnschen Euch sch\u00f6ne Weihnachten! Genie\u00dft die Zeit im Kreise Eurer Familie und <span style=\"color: #000000;\"> tankt Kraft f\u00fcr das neue Jahr.<\/span><\/p>\n<h4 style=\"text-align: center;\"><span style=\"color: #ff6600;\">Einen erfolgreichen Start in das neue Jahr 2017 w\u00fcnscht<br \/>\ndas Team von KLEINgedruckt.net!<\/span><\/h4>\n<p style=\"text-align: left;\"><img loading=\"lazy\" class=\"aligncenter wp-image-2649\" src=\"https:\/\/www.kleingedruckt.net\/blog\/wp-content\/uploads\/2016\/12\/Ba\u0308cker_Neu_low-502x600.jpg\" alt=\"Weihnachten\" width=\"532\" height=\"636\" srcset=\"https:\/\/www.kleingedruckt.net\/blog\/wp-content\/uploads\/2016\/12\/Ba\u0308cker_Neu_low-502x600.jpg 502w, https:\/\/www.kleingedruckt.net\/blog\/wp-content\/uploads\/2016\/12\/Ba\u0308cker_Neu_low-192x230.jpg 192w, https:\/\/www.kleingedruckt.net\/blog\/wp-content\/uploads\/2016\/12\/Ba\u0308cker_Neu_low.jpg 600w\" sizes=\"(max-width: 532px) 100vw, 532px\" \/><\/p>\n","protected":false},"excerpt":{"rendered":"<p>Liebe KLEINgedruckt-Kunden, der Baum ist geschm\u00fcckt, die Geschenke sind verpackt und die Kleinsten schon ganz aufgeregt \u2013 der Heilige Abend steht vor der T\u00fcr. Wir hoffen, wir konnten all Eure Erwartungen und W\u00fcnsche in Bezug auf Eure selbstgestalteten B\u00fccher erf\u00fcllen, und werden auch im neuen Jahr 2017 mit vollem Tatendrang f\u00fcr Euch da sein. Nun [&hellip;]<\/p>\n","protected":false},"author":2,"featured_media":0,"comment_status":"open","ping_status":"open","sticky":false,"template":"","format":"standard","meta":{"_mi_skip_tracking":false},"categories":[1],"tags":[],"aioseo_notices":[],"_links":{"self":[{"href":"https:\/\/www.kleingedruckt.net\/blog\/wp-json\/wp\/v2\/posts\/2643"}],"collection":[{"href":"https:\/\/www.kleingedruckt.net\/blog\/wp-json\/wp\/v2\/posts"}],"about":[{"href":"https:\/\/www.kleingedruckt.net\/blog\/wp-json\/wp\/v2\/types\/post"}],"author":[{"embeddable":true,"href":"https:\/\/www.kleingedruckt.net\/blog\/wp-json\/wp\/v2\/users\/2"}],"replies":[{"embeddable":true,"href":"https:\/\/www.kleingedruckt.net\/blog\/wp-json\/wp\/v2\/comments?post=2643"}],"version-history":[{"count":16,"href":"https:\/\/www.kleingedruckt.net\/blog\/wp-json\/wp\/v2\/posts\/2643\/revisions"}],"predecessor-version":[{"id":2680,"href":"https:\/\/www.kleingedruckt.net\/blog\/wp-json\/wp\/v2\/posts\/2643\/revisions\/2680"}],"wp:attachment":[{"href":"https:\/\/www.kleingedruckt.net\/blog\/wp-json\/wp\/v2\/media?parent=2643"}],"wp:term":[{"taxonomy":"category","embeddable":true,"href":"https:\/\/www.kleingedruckt.net\/blog\/wp-json\/wp\/v2\/categories?post=2643"},{"taxonomy":"post_tag","embeddable":true,"href":"https:\/\/www.kleingedruckt.net\/blog\/wp-json\/wp\/v2\/tags?post=2643"}],"curies":[{"name":"wp","href":"https:\/\/api.w.org\/{rel}","templated":true}]}}