{"id":1084,"date":"2014-08-22T15:20:04","date_gmt":"2014-08-22T13:20:04","guid":{"rendered":"https:\/\/www.kleingedruckt.net\/blog\/?p=1084"},"modified":"2017-01-24T08:20:11","modified_gmt":"2017-01-24T07:20:11","slug":"neuigkeiten","status":"publish","type":"post","link":"https:\/\/www.kleingedruckt.net\/blog\/allgemein\/neuigkeiten.html","title":{"rendered":"Neuigkeiten bei Kleingedruckt"},"content":{"rendered":"<p><span style=\"color: #ff6600;\">Hallo liebe Kleingedrucktnutzer und -besucher!<br \/>\n<\/span><span style=\"color: #000000;\">Wir haben f\u00fcr Euch umgebaut und neue M\u00f6glichkeiten eingef\u00fcgt, um Eurer Buch noch individueller und einzigartiger aussehen zu lassen. Unter der Haube hat sich auch einiges getan, um Euch die <span style=\"color: #000000;\">Nutzung unserer Seite<\/span> zu erleichtern.<br \/>\n<\/span><\/p>\n<h1 style=\"text-align: center;\"><span style=\"color: #ff6600;\">Neu bei uns:<\/span><\/h1>\n<p style=\"text-align: left;\"><span style=\"color: #ff6600;\"><img loading=\"lazy\" class=\" wp-image-1104 aligncenter\" src=\"https:\/\/www.kleingedruckt.net\/blog\/wp-content\/uploads\/2014\/08\/Bildschirmfoto-2014-08-19-um-12.29.37-600x425.png\" alt=\"Bildschirmfoto 2014-08-19 um 12.29.37\" width=\"555\" height=\"393\" srcset=\"https:\/\/www.kleingedruckt.net\/blog\/wp-content\/uploads\/2014\/08\/Bildschirmfoto-2014-08-19-um-12.29.37-600x425.png 600w, https:\/\/www.kleingedruckt.net\/blog\/wp-content\/uploads\/2014\/08\/Bildschirmfoto-2014-08-19-um-12.29.37-323x230.png 323w, https:\/\/www.kleingedruckt.net\/blog\/wp-content\/uploads\/2014\/08\/Bildschirmfoto-2014-08-19-um-12.29.37.png 924w\" sizes=\"(max-width: 555px) 100vw, 555px\" \/><\/span><\/p>\n<p style=\"text-align: left;\"><span style=\"color: #ff6600;\"><span style=\"color: #000000;\">Das <span style=\"color: #ff6600;\">Proficover<\/span> ist nun einfacher zu verstehen. Wir haben die Ma\u00dfe des fertigen Umschlages <\/span><span style=\"color: #000000;\">in die PDF-Vorgabe eingef\u00fcgt. So brauchst Du keine Zusatzsoftware um das Ma\u00df aus der <\/span><span style=\"color: #000000;\">Datei heraus zu lesen und du kannst Dir deinen Umschlag ganz nach Deinen W\u00fcnschen gestalten.<br \/>\n<\/span><\/span><!--more--><\/p>\n<p style=\"text-align: left;\"><span style=\"color: #000000;\"><img loading=\"lazy\" class=\"wp-image-1085 alignleft\" src=\"https:\/\/www.kleingedruckt.net\/blog\/wp-content\/uploads\/2014\/08\/Bildschirmfoto-2014-08-19-um-11.57.50.png\" alt=\"Bildschirmfoto 2014-08-19 um 11.57.50\" width=\"385\" height=\"215\" srcset=\"https:\/\/www.kleingedruckt.net\/blog\/wp-content\/uploads\/2014\/08\/Bildschirmfoto-2014-08-19-um-11.57.50.png 467w, https:\/\/www.kleingedruckt.net\/blog\/wp-content\/uploads\/2014\/08\/Bildschirmfoto-2014-08-19-um-11.57.50-411x230.png 411w\" sizes=\"(max-width: 385px) 100vw, 385px\" \/><\/span><\/p>\n<p style=\"text-align: left;\">Du kannst nun zwischen wei\u00dfem und schwarzem <span style=\"color: #ff6600;\">Vorsatzpapier<\/span> bei Deinem Hardcoverbuch w\u00e4hlen. Das Vorsatzpapier verbindet den Buchblock Ihres Inhaltes mit dem Einband.<\/p>\n<p style=\"text-align: center;\"><img loading=\"lazy\" class=\"wp-image-1096 alignleft\" src=\"https:\/\/www.kleingedruckt.net\/blog\/wp-content\/uploads\/2014\/08\/Bildschirmfoto-2014-08-19-um-12.06.07.png\" alt=\"Bildschirmfoto 2014-08-19 um 12.06.07\" width=\"402\" height=\"227\" srcset=\"https:\/\/www.kleingedruckt.net\/blog\/wp-content\/uploads\/2014\/08\/Bildschirmfoto-2014-08-19-um-12.06.07.png 470w, https:\/\/www.kleingedruckt.net\/blog\/wp-content\/uploads\/2014\/08\/Bildschirmfoto-2014-08-19-um-12.06.07-407x230.png 407w\" sizes=\"(max-width: 402px) 100vw, 402px\" \/><\/p>\n<p style=\"text-align: left;\">Du kannst jetzt entscheiden ob du Dein Wire-O-Buch mit einer wei\u00dfen oder schwarzen <span style=\"color: #ff6600;\">Spirale<\/span> gebunden haben m\u00f6chtest.<\/p>\n<p style=\"text-align: left;\"><a href=\"https:\/\/www.kleingedruckt.net\/blog\/wp-content\/uploads\/2014\/08\/Bildschirmfoto-2014-08-21-um-12.10.28.png\"><img loading=\"lazy\" class=\"alignnone wp-image-1121\" src=\"https:\/\/www.kleingedruckt.net\/blog\/wp-content\/uploads\/2014\/08\/Bildschirmfoto-2014-08-21-um-12.10.28.png\" alt=\"Einseitig drucken\" width=\"295\" height=\"326\" srcset=\"https:\/\/www.kleingedruckt.net\/blog\/wp-content\/uploads\/2014\/08\/Bildschirmfoto-2014-08-21-um-12.10.28.png 338w, https:\/\/www.kleingedruckt.net\/blog\/wp-content\/uploads\/2014\/08\/Bildschirmfoto-2014-08-21-um-12.10.28-208x230.png 208w\" sizes=\"(max-width: 295px) 100vw, 295px\" \/><\/a><\/p>\n<p style=\"text-align: left;\">Im Schritt 3 Papierauswahl kannst du jetzt mit einem Klick Dein Buch <span style=\"color: #ff6600;\">einseitig<\/span> <span style=\"color: #ff6600;\">drucken<\/span> lassen. Somit brauchst du in deiner Datei keine Leerseiten anlegen.<\/p>\n<p>Desweiteren haben wir unsere Hilfe aktualisiert und Fehler behoben. Wir hoffen es gef\u00e4llt Euch und freuen uns jederzeit \u00fcber Hinweise und Vorschl\u00e4ge zur Verbesserung von kleingedruckt.net.<\/p>\n<p style=\"text-align: center;\">Euer Team von Kleingedruckt.net<\/p>\n","protected":false},"excerpt":{"rendered":"<p>Hallo liebe Kleingedrucktnutzer und -besucher! Wir haben f\u00fcr Euch umgebaut und neue M\u00f6glichkeiten eingef\u00fcgt, um Eurer Buch noch individueller und einzigartiger aussehen zu lassen. Unter der Haube hat sich auch einiges getan, um Euch die Nutzung unserer Seite zu erleichtern. Neu bei uns: Das Proficover ist nun einfacher zu verstehen. Wir haben die Ma\u00dfe des [&hellip;]<\/p>\n","protected":false},"author":2,"featured_media":0,"comment_status":"open","ping_status":"open","sticky":false,"template":"","format":"standard","meta":{"_mi_skip_tracking":false},"categories":[1],"tags":[],"aioseo_notices":[],"_links":{"self":[{"href":"https:\/\/www.kleingedruckt.net\/blog\/wp-json\/wp\/v2\/posts\/1084"}],"collection":[{"href":"https:\/\/www.kleingedruckt.net\/blog\/wp-json\/wp\/v2\/posts"}],"about":[{"href":"https:\/\/www.kleingedruckt.net\/blog\/wp-json\/wp\/v2\/types\/post"}],"author":[{"embeddable":true,"href":"https:\/\/www.kleingedruckt.net\/blog\/wp-json\/wp\/v2\/users\/2"}],"replies":[{"embeddable":true,"href":"https:\/\/www.kleingedruckt.net\/blog\/wp-json\/wp\/v2\/comments?post=1084"}],"version-history":[{"count":41,"href":"https:\/\/www.kleingedruckt.net\/blog\/wp-json\/wp\/v2\/posts\/1084\/revisions"}],"predecessor-version":[{"id":1149,"href":"https:\/\/www.kleingedruckt.net\/blog\/wp-json\/wp\/v2\/posts\/1084\/revisions\/1149"}],"wp:attachment":[{"href":"https:\/\/www.kleingedruckt.net\/blog\/wp-json\/wp\/v2\/media?parent=1084"}],"wp:term":[{"taxonomy":"category","embeddable":true,"href":"https:\/\/www.kleingedruckt.net\/blog\/wp-json\/wp\/v2\/categories?post=1084"},{"taxonomy":"post_tag","embeddable":true,"href":"https:\/\/www.kleingedruckt.net\/blog\/wp-json\/wp\/v2\/tags?post=1084"}],"curies":[{"name":"wp","href":"https:\/\/api.w.org\/{rel}","templated":true}]}}